{"id":3177,"date":"2024-09-28T13:04:42","date_gmt":"2024-09-28T10:04:42","guid":{"rendered":"https:\/\/unsalanweb.com\/hazir-web-sitesi-haber-magazin-blog-turizm-otelcilik\/?p=3177"},"modified":"2024-10-22T12:32:25","modified_gmt":"2024-10-22T09:32:25","slug":"avrasya-ambalaj-istanbul-fuari","status":"publish","type":"post","link":"https:\/\/unsalanweb.com\/hazir-web-sitesi-haber-magazin-blog-turizm-otelcilik\/avrasya-ambalaj-istanbul-fuari\/","title":{"rendered":"Avrasya Ambalaj \u0130stanbul Fuar\u0131"},"content":{"rendered":"<div class=\"pvc_clear\"><\/div>\n<p id=\"pvc_stats_3177\" class=\"pvc_stats all  \" data-element-id=\"3177\" style=\"\"><i class=\"pvc-stats-icon large\" aria-hidden=\"true\"><svg aria-hidden=\"true\" focusable=\"false\" data-prefix=\"far\" data-icon=\"chart-bar\" role=\"img\" xmlns=\"http:\/\/www.w3.org\/2000\/svg\" viewBox=\"0 0 512 512\" class=\"svg-inline--fa fa-chart-bar fa-w-16 fa-2x\"><path fill=\"currentColor\" d=\"M396.8 352h22.4c6.4 0 12.8-6.4 12.8-12.8V108.8c0-6.4-6.4-12.8-12.8-12.8h-22.4c-6.4 0-12.8 6.4-12.8 12.8v230.4c0 6.4 6.4 12.8 12.8 12.8zm-192 0h22.4c6.4 0 12.8-6.4 12.8-12.8V140.8c0-6.4-6.4-12.8-12.8-12.8h-22.4c-6.4 0-12.8 6.4-12.8 12.8v198.4c0 6.4 6.4 12.8 12.8 12.8zm96 0h22.4c6.4 0 12.8-6.4 12.8-12.8V204.8c0-6.4-6.4-12.8-12.8-12.8h-22.4c-6.4 0-12.8 6.4-12.8 12.8v134.4c0 6.4 6.4 12.8 12.8 12.8zM496 400H48V80c0-8.84-7.16-16-16-16H16C7.16 64 0 71.16 0 80v336c0 17.67 14.33 32 32 32h464c8.84 0 16-7.16 16-16v-16c0-8.84-7.16-16-16-16zm-387.2-48h22.4c6.4 0 12.8-6.4 12.8-12.8v-70.4c0-6.4-6.4-12.8-12.8-12.8h-22.4c-6.4 0-12.8 6.4-12.8 12.8v70.4c0 6.4 6.4 12.8 12.8 12.8z\" class=\"\"><\/path><\/svg><\/i> <img loading=\"lazy\" decoding=\"async\" width=\"16\" height=\"16\" alt=\"Loading\" src=\"https:\/\/unsalanweb.com\/hazir-web-sitesi-haber-magazin-blog-turizm-otelcilik\/wp-content\/plugins\/page-views-count\/ajax-loader-2x.gif\" border=0 \/><\/p>\n<div class=\"pvc_clear\"><\/div>\n<h2>Avrasya Ambalaj \u0130stanbul Fuar\u0131, 29. Uluslararas\u0131 Ambalaj End\u00fcstrisi Fuar\u0131<\/h2>\n<p><strong>Avrasya Ambalaj \u0130stanbul<\/strong> Fuar\u0131 23 &#8211; 26 Ekim 2024<\/p>\n<p><strong>Avrasya Ambalaj \u0130stanbul<\/strong>\u00a0Fuar\u0131; ya\u015fam\u0131m\u0131zdaki her \u00fcr\u00fcne hayat veren ambalaj \u00fcr\u00fcnlerinin yan\u0131 s\u0131ra, g\u0131da i\u015fleme ile ambalaj makineleri ve ekipmanlar\u0131na y\u00f6nelik \u00e7\u00f6z\u00fcmlerin bir arada sergilendi\u011fi; ziyaret\u00e7ilerinin yo\u011fun ilgisiyle her y\u0131l b\u00fcy\u00fcyen, g\u0131da ve g\u0131da d\u0131\u015f\u0131 t\u00fcm end\u00fcstrilerin \u00e7\u00f6z\u00fcm aray\u0131\u015flar\u0131 ve yat\u0131r\u0131mlar\u0131 i\u00e7in b\u00f6lgesinin en \u00e7ok tercih edilen ticaret platformu olarak \u00f6ne \u00e7\u0131k\u0131yor.<br \/>\nFarkl\u0131 b\u00f6lge ekonomilerinin kav\u015fak noktas\u0131nda bulunan \u0130stanbul\u2019da ger\u00e7ekle\u015fen Avrasya Ambalaj \u0130stanbul Fuar\u0131&#8217;nda kat\u0131l\u0131mc\u0131 firmalar; T\u00fcrkiye\u2019nin yan\u0131 s\u0131ra, Orta ve Bat\u0131 Avrupa, Balkanlar, Rusya, Kafkaslar, Orta Asya, Orta Do\u011fu ve Afrika\u2019dan gelen g\u0131da ve g\u0131da d\u0131\u015f\u0131 t\u00fcm end\u00fcstrilerin karar vericileriyle bulu\u015fabilir; \u00fcretim g\u00fcc\u00fcn\u00fc g\u00f6stererek ticaret hacmini art\u0131rabilir ve markas\u0131na de\u011fer katabilir.<br \/>\nSaran, saklayan, satt\u0131ran ambalaj \u00fcr\u00fcnleri, ambalajlama ve g\u0131da i\u015fleme teknolojilerine y\u00f6nelik kaliteli, uygun fiyatl\u0131, projeye \u00f6zel k\u0131sa vadede anahtar teslim \u00e7\u00f6z\u00fcmler sunan ulusal \u00fcreticiler ile global markalar\u0131n birlikte yer ald\u0131\u011f\u0131,\u00a0 b\u00f6lgesinde alan\u0131n\u0131n en b\u00fcy\u00fck ticaret etkinli\u011fi olan\u00a0<strong>Avrasya Ambalaj \u0130stanbul<\/strong>\u00a0Fuar\u0131\u2019n\u0131 ziyaret etti\u011finizde; \u00fcr\u00fcnleriniz i\u00e7in en ideal \u00e7\u00f6z\u00fcm ortaklar\u0131 ve tedarik\u00e7iler ile tek \u00e7at\u0131 alt\u0131nda tan\u0131\u015farak ara\u015ft\u0131rma maliyetlerinizi asgariye indirip ihtiya\u00e7lar\u0131n\u0131z i\u00e7in \u00e7ok say\u0131da se\u00e7ene\u011fi ayn\u0131 anda do\u011frudan inceleyebilir ve yat\u0131r\u0131mlar\u0131n\u0131z\u0131 bu fuarda ger\u00e7ekle\u015ftirebilirsiniz.<\/p>\n<h4>Ambalaj end\u00fcstrisinin b\u00fcy\u00fck bulu\u015fmas\u0131 23-26 Ekim 2024\u2019te \u0130stanbul\u2019da<\/h4>\n<p><strong>Ambalaj end\u00fcstrisinin Avrasya&#8217;daki en b\u00fcy\u00fck fuar\u0131, 23-26 Ekim 2024 tarihlerinde \u0130stanbul\u2019daki T\u00fcyap Fuar ve Kongre Merkezi&#8217;nde kap\u0131lar\u0131n\u0131 29. kez a\u00e7mak i\u00e7in g\u00fcn say\u0131yor. Fuar, ambalaj sekt\u00f6r\u00fcn\u00fcn en b\u00fcy\u00fck payda\u015flar\u0131ndan biri olan g\u0131da ve i\u00e7ecek teknolojilerinin sunuldu\u011fu 18. Food-Tech Eurasia ile e\u015f zamanl\u0131 olarak d\u00fczenlenecek.<\/strong><\/p>\n<p>Ambalaj \u00fcr\u00fcnleri, ambalaj ve g\u0131da makineleri, bask\u0131 ve konverting teknolojileri alanlar\u0131nda kaliteli, projeye \u00f6zel anahtar teslim \u00e7\u00f6z\u00fcmler sunan yerli ve yabanc\u0131 markalar\u0131n yer ald\u0131\u011f\u0131, b\u00f6lgesinde alan\u0131n\u0131n en b\u00fcy\u00fck ticaret etkinli\u011fi olan Avrasya Ambalaj \u0130stanbul Fuar\u0131, 29. kez \u0130stanbul\u2019daki T\u00fcyap Fuar ve Kongre Merkezi\u2019nde Food-Tech Eurasia Fuar\u0131 ile e\u015f zamanl\u0131 olarak 23-26 Ekim tarihleri aras\u0131nda ger\u00e7ekle\u015fecek.<\/p>\n<p>Son teknoloji \u00fcr\u00fcn\u00fc, yarat\u0131c\u0131 ve inovatif \u00e7\u00f6z\u00fcmleri ile g\u0131da ve g\u0131da d\u0131\u015f\u0131nda kozmetikten tekstile, e-ticaretten mobilya end\u00fcstrisine kadar t\u00fcm sekt\u00f6r\u00fcn ilgisini \u00e7eken fuar, sekt\u00f6r\u00fcn g\u00fcc\u00fcn\u00fc, yenilik\u00e7i y\u00f6n\u00fcn\u00fc ve s\u00fcrd\u00fcr\u00fclebilirli\u011fe bak\u0131\u015f\u0131n\u0131 sadece T\u00fcrkiye i\u00e7inden de\u011fil, d\u00fcnya genelinde on binlerce ziyaret\u00e7iye g\u00f6steren etkin bir ticaret platformu olarak \u00f6ne \u00e7\u0131k\u0131yor.<\/p>\n<p>Farkl\u0131 b\u00f6lge ekonomilerinin kav\u015fak noktas\u0131nda bulunan \u0130stanbul\u2019da ger\u00e7ekle\u015fen fuar\u0131, kat\u0131l\u0131mc\u0131 firmalara T\u00fcrkiye\u2019nin yan\u0131 s\u0131ra, Orta ve Bat\u0131 Avrupa, Balkanlar, Rusya, Kafkaslar, Orta Asya, Orta Do\u011fu ve Afrika\u2019dan gelen g\u0131da ve g\u0131da d\u0131\u015f\u0131 t\u00fcm end\u00fcstrilerin al\u0131c\u0131lar\u0131yla bulu\u015fmak, \u00fcretim g\u00fcc\u00fcn\u00fc g\u00f6stererek ticaret hacmini art\u0131rmak ve markas\u0131na de\u011fer katmak i\u00e7in ka\u00e7\u0131r\u0131lmayacak f\u0131rsatlar sunuyor. Her y\u0131l b\u00fcy\u00fcmesini ve geli\u015fmesini s\u00fcrd\u00fcren fuar toplam 14 salonda 120.000 metrekare alanda 1200\u2019\u00fcn \u00fczerinde yerli ve global firma ve firma temsilcili\u011fine ev sahipli\u011fi yapacak.<\/p>\n<p><strong>Fuara b\u00fcy\u00fck destek<\/strong><br \/>\nRX T\u00fcyap taraf\u0131ndan Ambalaj Sanayicileri Derne\u011fi (ASD) i\u015f birli\u011finde d\u00fczenlenen 29. Avrasya Ambalaj \u0130stanbul Fuar\u0131\u2019n\u0131n geni\u015f bir destek\u00e7i listesi var. Ba\u015fta T.C. Ticaret Bakanl\u0131\u011f\u0131 olmak \u00fczere Ambalaj Makinecileri Derne\u011fi (AMD), Etiket Sanayicileri Derne\u011fi (ESD), Esnek Ambalaj Sanayicileri Derne\u011fi (FASD), Karton Ambalaj Sanayicileri Derne\u011fi (KASAD), Metal Ambalaj Sanayicileri Derne\u011fi (MASD), Oluklu Mukavva Sanayicileri Derne\u011fi (OM\u00dcD) ve Sert Plastik Ambalaj Sanayicileri Derne\u011fi (SEPA) fuar\u0131n her y\u0131l daha da daha geli\u015fen ve b\u00fcy\u00fcyen etkin bir ticaret alan\u0131 olmas\u0131 i\u00e7in katk\u0131lar\u0131n\u0131 sunuyor.<\/p>\n<p>2023 y\u0131l\u0131nda 120\u2019nin \u00fczerinde \u00fclkeden ziyaret\u00e7i a\u011f\u0131rlayan fuar\u0131n, bu y\u0131l da ABD\u2019den Afrika\u2019ya, Avrupa\u2019dan Orta Do\u011fu\u2019ya d\u00fcnyan\u0131n d\u00f6rt bir yan\u0131ndan on binlerce sekt\u00f6r profesyoneli taraf\u0131ndan ziyaret edilmesi bekleniyor. 1.200\u2019den fazla firma ve firma temsilci\u011finin yer alaca\u011f\u0131 fuarda 16 bini uluslararas\u0131 olmak \u00fczere 90 bin ziyaret\u00e7i hedefleniyor.<\/p>\n<p><strong>Food-Tech Eurasia ile e\u015f zamanl\u0131 d\u00fczenleniyor<\/strong><br \/>\nEn yeni ambalaj \u00e7\u00f6z\u00fcmleriyle birlikte, g\u0131da ve i\u00e7ecek i\u015fleme teknolojilerindeki geli\u015fmeleri de fuarda takip etmek m\u00fcmk\u00fcn. Ambalaj end\u00fcstrisinin en \u00f6nemli payda\u015flar\u0131ndan biri olan g\u0131da ve i\u00e7ecek i\u015fleme end\u00fcstrisinin \u00f6nemli fuar\u0131 18. Food-Tech Eurasia ile e\u015f zamanl\u0131 d\u00fczenlenen Avrasya Ambalaj \u0130stanbul Fuar\u0131 g\u00fcvenilir tedarik\u00e7iler ve \u00e7\u00f6z\u00fcm ortaklar\u0131n\u0131 bulmak isteyenler i\u00e7in do\u011fru adres olacak.<\/p>\n<p>Food-Tech Eurasia\u00a0Fuar\u0131; \u00e7ikolata, \u015fekerleme ve pastac\u0131l\u0131k ekipmanlar\u0131ndan et ve s\u00fct \u00fcr\u00fcnleri teknolojilerine, so\u011fuk zincir ve depolama ekipmanlar\u0131ndan g\u0131da g\u00fcvenli\u011fine, i\u015fleme ve dolum teknolojilerinden ambalaj \u00fcretimi ve lojistik \u00e7\u00f6z\u00fcmlere kadar uzanan geni\u015f bir yelpazede, yiyecek ve i\u00e7ecek \u00fcreticilerinin markalar\u0131na ve \u00fcr\u00fcnlerine de\u011fer katacak uzun \u00f6m\u00fcrl\u00fc, g\u00fcvenilir, y\u00fcksek kalitede makine ve ekipman \u00e7\u00f6z\u00fcmlerini her sene ayn\u0131 \u00e7at\u0131 alt\u0131nda bir araya getiriyor. Fuar, g\u0131da ve i\u00e7ecek teknolojilerindeki son trendleri yenilik\u00e7i teknolojileri, s\u00fcrd\u00fcr\u00fclebilir uygulamalar\u0131 ve g\u0131da g\u00fcvenli\u011fi konular\u0131nda aranan her t\u00fcrl\u00fc anahtar teslim \u00e7\u00f6z\u00fcm\u00fc tek adreste bulmak i\u00e7in ka\u00e7\u0131r\u0131lmayacak bir f\u0131rsat.<\/p>\n<p><strong>Fuar\u0131n bu y\u0131lki s\u00fcrprizi Ambalaj Tasar\u0131m\u0131 ve \u0130novasyonu Soka\u011f\u0131<\/strong><br \/>\nAvrasya Ambalaj \u0130stanbul Fuar\u0131, klasik ve yenilik\u00e7i ambalaj \u00fcr\u00fcnlerinden ambalaj ve g\u0131da i\u015flem makinalar\u0131na, ham madde ve ara \u00fcr\u00fcnlerden lojisti\u011fine ve geri d\u00f6n\u00fc\u015f\u00fcme kadar ambalaja dair geni\u015f bir yelpazede \u00e7e\u015fitlilik sunuyor. Fakat bunlar\u0131n yan\u0131nda fuar, Ambalaj Tasar\u0131m\u0131 ve \u0130novasyonu Soka\u011f\u0131 ile de \u00f6ne \u00e7\u0131k\u0131yor.<\/p>\n<p>Farkl\u0131 end\u00fcstrilerin ambalaj ihtiya\u00e7lar\u0131n\u0131 en uygun ve etkin tasar\u0131mlarla kar\u015f\u0131lamak amac\u0131yla yenilik\u00e7i giri\u015fimler; Avrasya Ambalaj \u0130stanbul Fuar\u0131&#8217;nda Salon 3 ve 4 Fuayesinde yer alacak Ambalaj Tasar\u0131m\u0131 ve \u0130novasyonu Soka\u011f\u0131&#8217;nda ziyaret\u00e7iler ile bulu\u015fmak i\u00e7in haz\u0131rlan\u0131yor. \u00dcr\u00fcn ve hizmetlerini son kullan\u0131c\u0131lar\u0131na sunmak i\u00e7in daha yarat\u0131c\u0131, yenilik\u00e7i ve s\u00fcrd\u00fcr\u00fclebilir ambalaj tasar\u0131mlar\u0131 aray\u0131\u015f\u0131nda olan g\u0131dadan tekstile, otomotivden e-ticarete kadar uzanan \u00e7ok say\u0131da sekt\u00f6r temsilcisi arad\u0131klar\u0131n\u0131 bu sokakta bulabilecek.<\/p>\n<p><strong>Fuar biletlerini web sitesinden sat\u0131n alarak vakit kazanabilirsiniz<\/strong><br \/>\nFuar giri\u015f biletini\u00a0<a href=\"http:\/\/www.packaginfair.com\/\" target=\"_blank\" rel=\"noopener\">www.packaginfair.com<\/a>\u00a0adresinden sat\u0131n alarak, kap\u0131da s\u0131ra beklemeden \u00a0hem Avrasya Ambalaj Fuar\u0131\u2019n\u0131 hem de e\u015f zamanl\u0131 d\u00fczenlenen Foodtech Eurasia Fuar\u0131\u2019n\u0131 tek bilet ile 4 g\u00fcn boyunca ziyaret edebilirsiniz. Kat\u0131l\u0131mc\u0131 firmalar\u0131 g\u00f6rmek ve ziyaret takvimi belirlemek i\u00e7in de fuara gelmeden web sitesini incelemekte fayda var. Fuar saat 10:00\u2019da a\u00e7\u0131l\u0131yor, ilk \u00fc\u00e7 g\u00fcn 18:00\u2019de, son g\u00fcn ise 17.00\u2019ye kadar ziyaret edilebilir.<\/p>\n","protected":false},"excerpt":{"rendered":"<div class=\"pvc_clear\"><\/div>\n<p id=\"pvc_stats_3177\" class=\"pvc_stats all  \" data-element-id=\"3177\" style=\"\"><i class=\"pvc-stats-icon large\" aria-hidden=\"true\"><svg aria-hidden=\"true\" focusable=\"false\" data-prefix=\"far\" data-icon=\"chart-bar\" role=\"img\" xmlns=\"http:\/\/www.w3.org\/2000\/svg\" viewBox=\"0 0 512 512\" class=\"svg-inline--fa fa-chart-bar fa-w-16 fa-2x\"><path fill=\"currentColor\" d=\"M396.8 352h22.4c6.4 0 12.8-6.4 12.8-12.8V108.8c0-6.4-6.4-12.8-12.8-12.8h-22.4c-6.4 0-12.8 6.4-12.8 12.8v230.4c0 6.4 6.4 12.8 12.8 12.8zm-192 0h22.4c6.4 0 12.8-6.4 12.8-12.8V140.8c0-6.4-6.4-12.8-12.8-12.8h-22.4c-6.4 0-12.8 6.4-12.8 12.8v198.4c0 6.4 6.4 12.8 12.8 12.8zm96 0h22.4c6.4 0 12.8-6.4 12.8-12.8V204.8c0-6.4-6.4-12.8-12.8-12.8h-22.4c-6.4 0-12.8 6.4-12.8 12.8v134.4c0 6.4 6.4 12.8 12.8 12.8zM496 400H48V80c0-8.84-7.16-16-16-16H16C7.16 64 0 71.16 0 80v336c0 17.67 14.33 32 32 32h464c8.84 0 16-7.16 16-16v-16c0-8.84-7.16-16-16-16zm-387.2-48h22.4c6.4 0 12.8-6.4 12.8-12.8v-70.4c0-6.4-6.4-12.8-12.8-12.8h-22.4c-6.4 0-12.8 6.4-12.8 12.8v70.4c0 6.4 6.4 12.8 12.8 12.8z\" class=\"\"><\/path><\/svg><\/i> <img loading=\"lazy\" decoding=\"async\" width=\"16\" height=\"16\" alt=\"Loading\" src=\"https:\/\/unsalanweb.com\/hazir-web-sitesi-haber-magazin-blog-turizm-otelcilik\/wp-content\/plugins\/page-views-count\/ajax-loader-2x.gif\" border=0 \/><\/p>\n<div class=\"pvc_clear\"><\/div>\n<p>Avrasya Ambalaj \u0130stanbul Fuar\u0131, 29. Uluslararas\u0131 Ambalaj End\u00fcstrisi Fuar\u0131 Avrasya Ambalaj \u0130stanbul Fuar\u0131 23 &#8211; 26 Ekim 2024 Avrasya Ambalaj&hellip;<\/p>\n","protected":false},"author":1,"featured_media":3178,"comment_status":"closed","ping_status":"closed","sticky":false,"template":"","format":"standard","meta":{"rank_math_lock_modified_date":false,"footnotes":""},"categories":[91],"tags":[114,93,112],"class_list":["post-3177","post","type-post","status-publish","format-standard","has-post-thumbnail","hentry","category-fuar-kongre","tag-ambalaj-fuari","tag-fuar","tag-fuar-takvimi"],"_links":{"self":[{"href":"https:\/\/unsalanweb.com\/hazir-web-sitesi-haber-magazin-blog-turizm-otelcilik\/wp-json\/wp\/v2\/posts\/3177","targetHints":{"allow":["GET"]}}],"collection":[{"href":"https:\/\/unsalanweb.com\/hazir-web-sitesi-haber-magazin-blog-turizm-otelcilik\/wp-json\/wp\/v2\/posts"}],"about":[{"href":"https:\/\/unsalanweb.com\/hazir-web-sitesi-haber-magazin-blog-turizm-otelcilik\/wp-json\/wp\/v2\/types\/post"}],"author":[{"embeddable":true,"href":"https:\/\/unsalanweb.com\/hazir-web-sitesi-haber-magazin-blog-turizm-otelcilik\/wp-json\/wp\/v2\/users\/1"}],"replies":[{"embeddable":true,"href":"https:\/\/unsalanweb.com\/hazir-web-sitesi-haber-magazin-blog-turizm-otelcilik\/wp-json\/wp\/v2\/comments?post=3177"}],"version-history":[{"count":0,"href":"https:\/\/unsalanweb.com\/hazir-web-sitesi-haber-magazin-blog-turizm-otelcilik\/wp-json\/wp\/v2\/posts\/3177\/revisions"}],"wp:featuredmedia":[{"embeddable":true,"href":"https:\/\/unsalanweb.com\/hazir-web-sitesi-haber-magazin-blog-turizm-otelcilik\/wp-json\/wp\/v2\/media\/3178"}],"wp:attachment":[{"href":"https:\/\/unsalanweb.com\/hazir-web-sitesi-haber-magazin-blog-turizm-otelcilik\/wp-json\/wp\/v2\/media?parent=3177"}],"wp:term":[{"taxonomy":"category","embeddable":true,"href":"https:\/\/unsalanweb.com\/hazir-web-sitesi-haber-magazin-blog-turizm-otelcilik\/wp-json\/wp\/v2\/categories?post=3177"},{"taxonomy":"post_tag","embeddable":true,"href":"https:\/\/unsalanweb.com\/hazir-web-sitesi-haber-magazin-blog-turizm-otelcilik\/wp-json\/wp\/v2\/tags?post=3177"}],"curies":[{"name":"wp","href":"https:\/\/api.w.org\/{rel}","templated":true}]}}