{"id":2986,"date":"2024-09-05T16:12:09","date_gmt":"2024-09-05T13:12:09","guid":{"rendered":"https:\/\/unsalanweb.com\/hazir-web-sitesi-haber-magazin-blog-turizm-otelcilik\/?p=2986"},"modified":"2024-10-22T12:16:57","modified_gmt":"2024-10-22T09:16:57","slug":"worldfood-istanbul-fuari-tuyap-fuar-ve-kongre-merkezinde-basladi","status":"publish","type":"post","link":"https:\/\/unsalanweb.com\/hazir-web-sitesi-haber-magazin-blog-turizm-otelcilik\/worldfood-istanbul-fuari-tuyap-fuar-ve-kongre-merkezinde-basladi\/","title":{"rendered":"WorldFood \u0130stanbul Fuar\u0131, T\u00fcyap Fuar ve Kongre Merkezinde Ba\u015flad\u0131"},"content":{"rendered":"<div class=\"pvc_clear\"><\/div>\n<p id=\"pvc_stats_2986\" class=\"pvc_stats all  \" data-element-id=\"2986\" style=\"\"><i class=\"pvc-stats-icon large\" aria-hidden=\"true\"><svg aria-hidden=\"true\" focusable=\"false\" data-prefix=\"far\" data-icon=\"chart-bar\" role=\"img\" xmlns=\"http:\/\/www.w3.org\/2000\/svg\" viewBox=\"0 0 512 512\" class=\"svg-inline--fa fa-chart-bar fa-w-16 fa-2x\"><path fill=\"currentColor\" d=\"M396.8 352h22.4c6.4 0 12.8-6.4 12.8-12.8V108.8c0-6.4-6.4-12.8-12.8-12.8h-22.4c-6.4 0-12.8 6.4-12.8 12.8v230.4c0 6.4 6.4 12.8 12.8 12.8zm-192 0h22.4c6.4 0 12.8-6.4 12.8-12.8V140.8c0-6.4-6.4-12.8-12.8-12.8h-22.4c-6.4 0-12.8 6.4-12.8 12.8v198.4c0 6.4 6.4 12.8 12.8 12.8zm96 0h22.4c6.4 0 12.8-6.4 12.8-12.8V204.8c0-6.4-6.4-12.8-12.8-12.8h-22.4c-6.4 0-12.8 6.4-12.8 12.8v134.4c0 6.4 6.4 12.8 12.8 12.8zM496 400H48V80c0-8.84-7.16-16-16-16H16C7.16 64 0 71.16 0 80v336c0 17.67 14.33 32 32 32h464c8.84 0 16-7.16 16-16v-16c0-8.84-7.16-16-16-16zm-387.2-48h22.4c6.4 0 12.8-6.4 12.8-12.8v-70.4c0-6.4-6.4-12.8-12.8-12.8h-22.4c-6.4 0-12.8 6.4-12.8 12.8v70.4c0 6.4 6.4 12.8 12.8 12.8z\" class=\"\"><\/path><\/svg><\/i> <img loading=\"lazy\" decoding=\"async\" width=\"16\" height=\"16\" alt=\"Loading\" src=\"https:\/\/unsalanweb.com\/hazir-web-sitesi-haber-magazin-blog-turizm-otelcilik\/wp-content\/plugins\/page-views-count\/ajax-loader-2x.gif\" border=0 \/><\/p>\n<div class=\"pvc_clear\"><\/div>\n<h2>WorldFood \u0130stanbul Fuar\u0131, T\u00fcyap Fuar ve Kongre Merkezinde Ba\u015flad\u0131<\/h2>\n<h3>WorldFood \u0130stanbul, Uluslararas\u0131 G\u0131da \u00dcr\u00fcnler ve Teknolojileri Fuar\u0131<\/h3>\n<div>\n<p><strong>3-6 Eyl\u00fcl 2024<\/strong>\u00a0tarihlerinde\u00a0<strong>T\u00dcYAP<\/strong>\u2019ta ger\u00e7ekle\u015fecek, T\u00fcrkiye ve Avrasya\u2019n\u0131n g\u0131da sekt\u00f6r\u00fcnde lider ve i\u015f birli\u011fi platformu WorldFood \u0130stanbul, 2024 y\u0131l\u0131nda da kat\u0131l\u0131mc\u0131lar\u0131 yurt d\u0131\u015f\u0131ndan gelecek olan al\u0131c\u0131lar ile bulu\u015fturmak i\u00e7in haz\u0131rl\u0131klar\u0131n\u0131 t\u00fcm h\u0131z\u0131yla s\u00fcrd\u00fcr\u00fcyor.<\/p>\n<p><strong>G\u0131da Sekt\u00f6r\u00fcn\u00fcn Bulu\u015fma Noktas\u0131: WorldFood \u0130stanbul<\/strong><br \/>\nG\u0131da ve g\u0131da teknolojileri sekt\u00f6r\u00fcn\u00fcn trendlerine ve geli\u015fimine y\u00f6n veren, y\u00f6resel lezzetlerin tan\u0131t\u0131m\u0131na \u00e7ok \u00f6nemli katk\u0131 sunan, en yeni \u00fcr\u00fcnleri yerli ve yabanc\u0131 ziyaret\u00e7ileriyle bulu\u015fturan, sekt\u00f6r\u00fcn b\u00f6lgeye ve d\u00fcnyaya a\u00e7\u0131lan kap\u0131s\u0131 olan Uluslararas\u0131 G\u0131da \u00dcr\u00fcnleri ve Teknolojileri Fuar\u0131 \u2013 WorldFood \u0130stanbul 32. Kez d\u00fczenleniyor. Perakende zincirleri, i\u00e7ecek, s\u00fct ve s\u00fct \u00fcr\u00fcnleri, et ve tavuk \u00fcr\u00fcnleri, ya\u015f sebze, meyve, deniz \u00fcr\u00fcnleri, dondurulmu\u015f \u00fcr\u00fcnler, temel g\u0131dalar ve ya\u011flar, \u015fekerli mamuller, unlu mamuller, hububat ve kuruyemi\u015f gibi ba\u015fl\u0131klarda uzmanla\u015fm\u0131\u015f pek \u00e7ok marka ve \u00fcretici WorldFood \u0130stanbul Fuar\u0131\u2019nda yer alacak. G\u0131da sekt\u00f6r\u00fcn\u00fcn en \u00f6nemli fuarlar\u0131ndan biri olarak \u00f6n plana \u00e7\u0131kan WorldFood \u0130stanbul, sekt\u00f6re y\u00f6n veren isimlerin kat\u0131l\u0131mlar\u0131, ses getirecek etkinlikler, ziyaret\u00e7ilerle ilk kez bulu\u015facak yeni \u00fcr\u00fcnler ve geni\u015f kat\u0131l\u0131mc\u0131 profili ile \u00f6nemli bir g\u00f6rev \u00fcstleniyor.<\/p>\n<\/div>\n","protected":false},"excerpt":{"rendered":"<div class=\"pvc_clear\"><\/div>\n<p id=\"pvc_stats_2986\" class=\"pvc_stats all  \" data-element-id=\"2986\" style=\"\"><i class=\"pvc-stats-icon large\" aria-hidden=\"true\"><svg aria-hidden=\"true\" focusable=\"false\" data-prefix=\"far\" data-icon=\"chart-bar\" role=\"img\" xmlns=\"http:\/\/www.w3.org\/2000\/svg\" viewBox=\"0 0 512 512\" class=\"svg-inline--fa fa-chart-bar fa-w-16 fa-2x\"><path fill=\"currentColor\" d=\"M396.8 352h22.4c6.4 0 12.8-6.4 12.8-12.8V108.8c0-6.4-6.4-12.8-12.8-12.8h-22.4c-6.4 0-12.8 6.4-12.8 12.8v230.4c0 6.4 6.4 12.8 12.8 12.8zm-192 0h22.4c6.4 0 12.8-6.4 12.8-12.8V140.8c0-6.4-6.4-12.8-12.8-12.8h-22.4c-6.4 0-12.8 6.4-12.8 12.8v198.4c0 6.4 6.4 12.8 12.8 12.8zm96 0h22.4c6.4 0 12.8-6.4 12.8-12.8V204.8c0-6.4-6.4-12.8-12.8-12.8h-22.4c-6.4 0-12.8 6.4-12.8 12.8v134.4c0 6.4 6.4 12.8 12.8 12.8zM496 400H48V80c0-8.84-7.16-16-16-16H16C7.16 64 0 71.16 0 80v336c0 17.67 14.33 32 32 32h464c8.84 0 16-7.16 16-16v-16c0-8.84-7.16-16-16-16zm-387.2-48h22.4c6.4 0 12.8-6.4 12.8-12.8v-70.4c0-6.4-6.4-12.8-12.8-12.8h-22.4c-6.4 0-12.8 6.4-12.8 12.8v70.4c0 6.4 6.4 12.8 12.8 12.8z\" class=\"\"><\/path><\/svg><\/i> <img loading=\"lazy\" decoding=\"async\" width=\"16\" height=\"16\" alt=\"Loading\" src=\"https:\/\/unsalanweb.com\/hazir-web-sitesi-haber-magazin-blog-turizm-otelcilik\/wp-content\/plugins\/page-views-count\/ajax-loader-2x.gif\" border=0 \/><\/p>\n<div class=\"pvc_clear\"><\/div>\n<p>WorldFood \u0130stanbul Fuar\u0131, T\u00fcyap Fuar ve Kongre Merkezinde Ba\u015flad\u0131 WorldFood \u0130stanbul, Uluslararas\u0131 G\u0131da \u00dcr\u00fcnler ve Teknolojileri Fuar\u0131 3-6 Eyl\u00fcl 2024\u00a0tarihlerinde\u00a0T\u00dcYAP\u2019ta&hellip;<\/p>\n","protected":false},"author":2,"featured_media":2987,"comment_status":"closed","ping_status":"closed","sticky":false,"template":"","format":"standard","meta":{"rank_math_lock_modified_date":false,"footnotes":""},"categories":[91],"tags":[93,94,95],"class_list":["post-2986","post","type-post","status-publish","format-standard","has-post-thumbnail","hentry","category-fuar-kongre","tag-fuar","tag-kongre","tag-world-food"],"_links":{"self":[{"href":"https:\/\/unsalanweb.com\/hazir-web-sitesi-haber-magazin-blog-turizm-otelcilik\/wp-json\/wp\/v2\/posts\/2986","targetHints":{"allow":["GET"]}}],"collection":[{"href":"https:\/\/unsalanweb.com\/hazir-web-sitesi-haber-magazin-blog-turizm-otelcilik\/wp-json\/wp\/v2\/posts"}],"about":[{"href":"https:\/\/unsalanweb.com\/hazir-web-sitesi-haber-magazin-blog-turizm-otelcilik\/wp-json\/wp\/v2\/types\/post"}],"author":[{"embeddable":true,"href":"https:\/\/unsalanweb.com\/hazir-web-sitesi-haber-magazin-blog-turizm-otelcilik\/wp-json\/wp\/v2\/users\/2"}],"replies":[{"embeddable":true,"href":"https:\/\/unsalanweb.com\/hazir-web-sitesi-haber-magazin-blog-turizm-otelcilik\/wp-json\/wp\/v2\/comments?post=2986"}],"version-history":[{"count":0,"href":"https:\/\/unsalanweb.com\/hazir-web-sitesi-haber-magazin-blog-turizm-otelcilik\/wp-json\/wp\/v2\/posts\/2986\/revisions"}],"wp:featuredmedia":[{"embeddable":true,"href":"https:\/\/unsalanweb.com\/hazir-web-sitesi-haber-magazin-blog-turizm-otelcilik\/wp-json\/wp\/v2\/media\/2987"}],"wp:attachment":[{"href":"https:\/\/unsalanweb.com\/hazir-web-sitesi-haber-magazin-blog-turizm-otelcilik\/wp-json\/wp\/v2\/media?parent=2986"}],"wp:term":[{"taxonomy":"category","embeddable":true,"href":"https:\/\/unsalanweb.com\/hazir-web-sitesi-haber-magazin-blog-turizm-otelcilik\/wp-json\/wp\/v2\/categories?post=2986"},{"taxonomy":"post_tag","embeddable":true,"href":"https:\/\/unsalanweb.com\/hazir-web-sitesi-haber-magazin-blog-turizm-otelcilik\/wp-json\/wp\/v2\/tags?post=2986"}],"curies":[{"name":"wp","href":"https:\/\/api.w.org\/{rel}","templated":true}]}}