{"id":2953,"date":"2024-09-01T18:26:46","date_gmt":"2024-09-01T15:26:46","guid":{"rendered":"https:\/\/unsalanweb.com\/hazir-web-sitesi-haber-magazin-blog-turizm-otelcilik\/?p=2953"},"modified":"2024-10-22T12:18:15","modified_gmt":"2024-10-22T09:18:15","slug":"gobeklitepe-bilinen-en-eski-tarih","status":"publish","type":"post","link":"https:\/\/unsalanweb.com\/hazir-web-sitesi-haber-magazin-blog-turizm-otelcilik\/gobeklitepe-bilinen-en-eski-tarih\/","title":{"rendered":"G\u00f6beklitepe : Bilinen En Eski Tarih"},"content":{"rendered":"<div class=\"pvc_clear\"><\/div>\n<p id=\"pvc_stats_2953\" class=\"pvc_stats all  \" data-element-id=\"2953\" style=\"\"><i class=\"pvc-stats-icon large\" aria-hidden=\"true\"><svg aria-hidden=\"true\" focusable=\"false\" data-prefix=\"far\" data-icon=\"chart-bar\" role=\"img\" xmlns=\"http:\/\/www.w3.org\/2000\/svg\" viewBox=\"0 0 512 512\" class=\"svg-inline--fa fa-chart-bar fa-w-16 fa-2x\"><path fill=\"currentColor\" d=\"M396.8 352h22.4c6.4 0 12.8-6.4 12.8-12.8V108.8c0-6.4-6.4-12.8-12.8-12.8h-22.4c-6.4 0-12.8 6.4-12.8 12.8v230.4c0 6.4 6.4 12.8 12.8 12.8zm-192 0h22.4c6.4 0 12.8-6.4 12.8-12.8V140.8c0-6.4-6.4-12.8-12.8-12.8h-22.4c-6.4 0-12.8 6.4-12.8 12.8v198.4c0 6.4 6.4 12.8 12.8 12.8zm96 0h22.4c6.4 0 12.8-6.4 12.8-12.8V204.8c0-6.4-6.4-12.8-12.8-12.8h-22.4c-6.4 0-12.8 6.4-12.8 12.8v134.4c0 6.4 6.4 12.8 12.8 12.8zM496 400H48V80c0-8.84-7.16-16-16-16H16C7.16 64 0 71.16 0 80v336c0 17.67 14.33 32 32 32h464c8.84 0 16-7.16 16-16v-16c0-8.84-7.16-16-16-16zm-387.2-48h22.4c6.4 0 12.8-6.4 12.8-12.8v-70.4c0-6.4-6.4-12.8-12.8-12.8h-22.4c-6.4 0-12.8 6.4-12.8 12.8v70.4c0 6.4 6.4 12.8 12.8 12.8z\" class=\"\"><\/path><\/svg><\/i> <img loading=\"lazy\" decoding=\"async\" width=\"16\" height=\"16\" alt=\"Loading\" src=\"https:\/\/unsalanweb.com\/hazir-web-sitesi-haber-magazin-blog-turizm-otelcilik\/wp-content\/plugins\/page-views-count\/ajax-loader-2x.gif\" border=0 \/><\/p>\n<div class=\"pvc_clear\"><\/div>\n<h2>G\u00f6beklitepe : Bilinen En Eski Tarih<\/h2>\n<p>G\u00f6beklitepe Arkeolojik Alan\u0131, \u015eanl\u0131urfa kent merkezinin 18 kilometre kuzeydo\u011fusunda, \u00d6rencik K\u00f6y\u00fc yak\u0131nlar\u0131ndad\u0131r. Alan 1963 y\u0131l\u0131nda, \u0130stanbul ve Chicago \u00dcniversitelerinin ortakl\u0131\u011f\u0131yla ger\u00e7ekle\u015ftirilen bir y\u00fczey ara\u015ft\u0131rmas\u0131 s\u0131ras\u0131nda ke\u015ffedilmi\u015f ve\u00a0 \u201cV52 Neolitik Yerle\u015fimi\u201d olarak tan\u0131mlanm\u0131\u015ft\u0131r.<\/p>\n<p>Tarihte yeni sayfalar a\u00e7\u0131lmas\u0131na neden olan ve y\u00fczlerce y\u0131ld\u0131r kabul edilen baz\u0131 bilgilerin de\u011fi\u015ftirilmesini gerekli k\u0131lan G\u00f6beklitepe\u2019nin ke\u015fif tarihi 1963 y\u0131l\u0131na gitse de ilk kaz\u0131lar 1995 y\u0131l\u0131nda ba\u015flam\u0131\u015ft\u0131r.<\/p>\n<p>Bir yerle\u015fim alan\u0131 olarak kullan\u0131lmayan yaln\u0131zca dinsel ama\u00e7lara hizmet eden bu yerde birden \u00e7ok tap\u0131nak bulunur. Bu y\u00f6n\u00fcyle de yaln\u0131zca d\u00fcnyan\u0131n en eski de\u011fil, ayn\u0131 zamanda en b\u00fcy\u00fck tap\u0131nma merkezi olarak kabul edilir.<\/p>\n<p>T\u00fcm bu b\u00f6lgenin Neolitik \u00c7a\u011f\u2019\u0131n inan\u00e7 ve hac merkezi oldu\u011funu akla getiren ve g\u00fcn\u00fcm\u00fcze kadar 6 tanesi g\u00fcn y\u00fcz\u00fcne \u00e7\u0131kar\u0131lsa da toplam say\u0131lar\u0131n\u0131n 20\u2019yi buldu\u011fu jeomanyetik \u00f6l\u00e7\u00fcmlerle belirlenen an\u0131tsal yap\u0131lar\u0131n bi\u00e7imleri birbirine benzemektedir. Boylar\u0131 6 metreyi bulan T bi\u00e7imli s\u00fctunlar \u00fczerinde i\u015flenmi\u015f Neolitik \u00c7a\u011f\u2019da ta\u015fa kaz\u0131nan en eski resimler olan ve baz\u0131lar\u0131 \u00fc\u00e7 boyutlu olarak yap\u0131lm\u0131\u015f hayvan tasvirleri atalar\u0131m\u0131z\u0131n sanatsal yetene\u011fini de g\u00f6zler \u00f6n\u00fcne sermektedir.<\/p>\n<p>20 y\u0131l boyunca burada kaz\u0131 \u00e7al\u0131\u015fmalar\u0131n\u0131 ger\u00e7ekle\u015ftiren Prof. Dr. Klaus Schmidt, T bi\u00e7imli ve baz\u0131lar\u0131nda el ve parmaklar\u0131n da g\u00f6r\u00fcld\u00fc\u011f\u00fc bu s\u00fctunlar\u0131n insan fig\u00fcrlerini temsil etti\u011fini kesin bir bi\u00e7imde dile getirmektedir. Kaz\u0131larda elde edilen buluntular\u0131n bir k\u0131sm\u0131n\u0131 \u015eanl\u0131urfa M\u00fczesi&#8217;nde g\u00f6rmek m\u00fcmk\u00fcnd\u00fcr.<\/p>\n<p>G\u00f6beklitepe pek \u00e7ok yeni bilginin a\u00e7\u0131\u011fa \u00e7\u0131kmas\u0131n\u0131 sa\u011flasa da buluntularla ilgili hala \u00e7\u00f6z\u00fclemeyen sorular bilim adamlar\u0131n\u0131n kafas\u0131n\u0131 kurcalamaya devam ediyor. Bu tap\u0131naklar\u0131 yapanlar\u0131n kimler oldu\u011fu, A\u011f\u0131rl\u0131klar\u0131 60 tonu bulan s\u00fctunlar\u0131n buraya nas\u0131l ta\u015f\u0131nd\u0131\u011f\u0131 ve dikildi\u011fi, \u00fcstlerinin tonlarca toprak ve ta\u015f ile \u00f6rt\u00fclerek neden g\u00f6m\u00fcld\u00fckleri, tap\u0131naklar\u0131n amac\u0131n\u0131n tam olarak ne oldu\u011fu, cevaplanmay\u0131 bekleyen ve muhtemelen y\u0131llarca s\u00fcrecek ara\u015ft\u0131rmalar\u0131 gerektirecek gizemler.<\/p>\n","protected":false},"excerpt":{"rendered":"<div class=\"pvc_clear\"><\/div>\n<p id=\"pvc_stats_2953\" class=\"pvc_stats all  \" data-element-id=\"2953\" style=\"\"><i class=\"pvc-stats-icon large\" aria-hidden=\"true\"><svg aria-hidden=\"true\" focusable=\"false\" data-prefix=\"far\" data-icon=\"chart-bar\" role=\"img\" xmlns=\"http:\/\/www.w3.org\/2000\/svg\" viewBox=\"0 0 512 512\" class=\"svg-inline--fa fa-chart-bar fa-w-16 fa-2x\"><path fill=\"currentColor\" d=\"M396.8 352h22.4c6.4 0 12.8-6.4 12.8-12.8V108.8c0-6.4-6.4-12.8-12.8-12.8h-22.4c-6.4 0-12.8 6.4-12.8 12.8v230.4c0 6.4 6.4 12.8 12.8 12.8zm-192 0h22.4c6.4 0 12.8-6.4 12.8-12.8V140.8c0-6.4-6.4-12.8-12.8-12.8h-22.4c-6.4 0-12.8 6.4-12.8 12.8v198.4c0 6.4 6.4 12.8 12.8 12.8zm96 0h22.4c6.4 0 12.8-6.4 12.8-12.8V204.8c0-6.4-6.4-12.8-12.8-12.8h-22.4c-6.4 0-12.8 6.4-12.8 12.8v134.4c0 6.4 6.4 12.8 12.8 12.8zM496 400H48V80c0-8.84-7.16-16-16-16H16C7.16 64 0 71.16 0 80v336c0 17.67 14.33 32 32 32h464c8.84 0 16-7.16 16-16v-16c0-8.84-7.16-16-16-16zm-387.2-48h22.4c6.4 0 12.8-6.4 12.8-12.8v-70.4c0-6.4-6.4-12.8-12.8-12.8h-22.4c-6.4 0-12.8 6.4-12.8 12.8v70.4c0 6.4 6.4 12.8 12.8 12.8z\" class=\"\"><\/path><\/svg><\/i> <img loading=\"lazy\" decoding=\"async\" width=\"16\" height=\"16\" alt=\"Loading\" src=\"https:\/\/unsalanweb.com\/hazir-web-sitesi-haber-magazin-blog-turizm-otelcilik\/wp-content\/plugins\/page-views-count\/ajax-loader-2x.gif\" border=0 \/><\/p>\n<div class=\"pvc_clear\"><\/div>\n<p>G\u00f6beklitepe : Bilinen En Eski Tarih G\u00f6beklitepe Arkeolojik Alan\u0131, \u015eanl\u0131urfa kent merkezinin 18 kilometre kuzeydo\u011fusunda, \u00d6rencik K\u00f6y\u00fc yak\u0131nlar\u0131ndad\u0131r. Alan 1963&hellip;<\/p>\n","protected":false},"author":2,"featured_media":2954,"comment_status":"closed","ping_status":"closed","sticky":false,"template":"","format":"standard","meta":{"rank_math_lock_modified_date":false,"footnotes":""},"categories":[35],"tags":[36,76],"class_list":["post-2953","post","type-post","status-publish","format-standard","has-post-thumbnail","hentry","category-gezilecek-yerler","tag-gezilecek-yerler","tag-gobeklitepe"],"_links":{"self":[{"href":"https:\/\/unsalanweb.com\/hazir-web-sitesi-haber-magazin-blog-turizm-otelcilik\/wp-json\/wp\/v2\/posts\/2953","targetHints":{"allow":["GET"]}}],"collection":[{"href":"https:\/\/unsalanweb.com\/hazir-web-sitesi-haber-magazin-blog-turizm-otelcilik\/wp-json\/wp\/v2\/posts"}],"about":[{"href":"https:\/\/unsalanweb.com\/hazir-web-sitesi-haber-magazin-blog-turizm-otelcilik\/wp-json\/wp\/v2\/types\/post"}],"author":[{"embeddable":true,"href":"https:\/\/unsalanweb.com\/hazir-web-sitesi-haber-magazin-blog-turizm-otelcilik\/wp-json\/wp\/v2\/users\/2"}],"replies":[{"embeddable":true,"href":"https:\/\/unsalanweb.com\/hazir-web-sitesi-haber-magazin-blog-turizm-otelcilik\/wp-json\/wp\/v2\/comments?post=2953"}],"version-history":[{"count":0,"href":"https:\/\/unsalanweb.com\/hazir-web-sitesi-haber-magazin-blog-turizm-otelcilik\/wp-json\/wp\/v2\/posts\/2953\/revisions"}],"wp:featuredmedia":[{"embeddable":true,"href":"https:\/\/unsalanweb.com\/hazir-web-sitesi-haber-magazin-blog-turizm-otelcilik\/wp-json\/wp\/v2\/media\/2954"}],"wp:attachment":[{"href":"https:\/\/unsalanweb.com\/hazir-web-sitesi-haber-magazin-blog-turizm-otelcilik\/wp-json\/wp\/v2\/media?parent=2953"}],"wp:term":[{"taxonomy":"category","embeddable":true,"href":"https:\/\/unsalanweb.com\/hazir-web-sitesi-haber-magazin-blog-turizm-otelcilik\/wp-json\/wp\/v2\/categories?post=2953"},{"taxonomy":"post_tag","embeddable":true,"href":"https:\/\/unsalanweb.com\/hazir-web-sitesi-haber-magazin-blog-turizm-otelcilik\/wp-json\/wp\/v2\/tags?post=2953"}],"curies":[{"name":"wp","href":"https:\/\/api.w.org\/{rel}","templated":true}]}}